{"id":60,"date":"2025-05-10T23:35:07","date_gmt":"2025-05-10T23:35:07","guid":{"rendered":"https:\/\/losdenunciados.do\/?p=60"},"modified":"2025-05-12T03:28:52","modified_gmt":"2025-05-12T03:28:52","slug":"denuncian-migracion-detiene-un-dominicano-solo-por-sospecha-en-azua","status":"publish","type":"post","link":"https:\/\/losdenunciados.do\/index.php\/2025\/05\/10\/denuncian-migracion-detiene-un-dominicano-solo-por-sospecha-en-azua\/","title":{"rendered":"Denuncian Migraci\u00f3n detiene un dominicano solo por sospecha en Azua"},"content":{"rendered":"\n<p><em>Azua, R.D.<\/em> \u2013 Agentes de la Direcci\u00f3n General de Migraci\u00f3n (DGM), junto al coronel Jos\u00e9 An\u00edbal Payano Veras, detuvieron a un joven dominicano en el puesto de chequeo de Los Pilones el pasado jueves 8 de mayo, presuntamente \u201cpor sospecha\u201d, mientras se desplazaba en su veh\u00edculo.<\/p>\n\n\n\n<p>El detenido fue identificado como Edward Guerrero Henr\u00edquez, oriundo del municipio de Comendador, provincia El\u00edas Pi\u00f1a. Seg\u00fan la denuncia, el joven fue interceptado alrededor de las 8:00 de la ma\u00f1ana, cuando viajaba acompa\u00f1ado por Esmeralda Tatiana Montero Rosario, quien tambi\u00e9n fue retenida moment\u00e1neamente.<\/p>\n\n\n\n<p>Un video enviado a esta redacci\u00f3n muestra un forcejeo entre los agentes y Guerrero Henr\u00edquez, quien finalmente fue esposado y trasladado al Centro de Detenci\u00f3n de Haina, donde contin\u00faa detenido hasta la fecha sin que la Direcci\u00f3n General de Migraci\u00f3n haya ofrecido una explicaci\u00f3n oficial sobre su situaci\u00f3n legal.<\/p>\n\n\n\n<p>Tatiana Montero asegur\u00f3 que los agentes no ofrecieron ning\u00fan motivo concreto para la detenci\u00f3n, afirmando que se realiz\u00f3 \u00fanicamente \u201cpor sospecha\u201d. En un audio que circula en redes sociales, se escucha al coronel Payano Veras decir: \u201cT\u00fa subes, hablamos all\u00e1\u201d, mientras Guerrero Henr\u00edquez solicita comunicarse con su padre, lo que presuntamente le fue negado.<\/p>\n\n\n\n<p>Durante el incidente, los ocupantes del veh\u00edculo pidieron a los presentes grabar el interior del autom\u00f3vil para evidenciar que no transportaban nada ilegal. La intervenci\u00f3n de conocidos de los detenidos ayud\u00f3 a calmar la tensi\u00f3n.<\/p>\n\n\n\n<p>Tatiana Montero fue liberada horas m\u00e1s tarde, pero Edward Guerrero Henr\u00edquez permanece recluido en el Centro Vocacional de Haina este s\u00e1bado 10 de mayo, sin que se haya ofrecido informaci\u00f3n oficial sobre su retenci\u00f3n.<\/p>\n","protected":false},"excerpt":{"rendered":"<p>Azua, R.D. \u2013 Agentes de la Direcci\u00f3n General de Migraci\u00f3n (DGM), junto al coronel Jos\u00e9 An\u00edbal Payano Veras,<\/p>\n","protected":false},"author":1,"featured_media":61,"comment_status":"open","ping_status":"open","sticky":false,"template":"","format":"standard","meta":{"advanced_seo_description":"","jetpack_seo_html_title":"","jetpack_seo_noindex":false,"_jetpack_memberships_contains_paid_content":false,"footnotes":""},"categories":[3],"tags":[],"class_list":["post-60","post","type-post","status-publish","format-standard","has-post-thumbnail","hentry","category-denuncias"],"featured_image_urls":{"full":["https:\/\/losdenunciados.do\/wp-content\/uploads\/2025\/05\/WhatsApp-Image-2025-05-10-at-2.00.41-PM-2-1.jpeg",1188,1599,false],"thumbnail":["https:\/\/losdenunciados.do\/wp-content\/uploads\/2025\/05\/WhatsApp-Image-2025-05-10-at-2.00.41-PM-2-1-150x150.jpeg",150,150,true],"medium":["https:\/\/losdenunciados.do\/wp-content\/uploads\/2025\/05\/WhatsApp-Image-2025-05-10-at-2.00.41-PM-2-1-223x300.jpeg",223,300,true],"medium_large":["https:\/\/losdenunciados.do\/wp-content\/uploads\/2025\/05\/WhatsApp-Image-2025-05-10-at-2.00.41-PM-2-1-768x1034.jpeg",640,862,true],"large":["https:\/\/losdenunciados.do\/wp-content\/uploads\/2025\/05\/WhatsApp-Image-2025-05-10-at-2.00.41-PM-2-1-761x1024.jpeg",640,861,true],"1536x1536":["https:\/\/losdenunciados.do\/wp-content\/uploads\/2025\/05\/WhatsApp-Image-2025-05-10-at-2.00.41-PM-2-1-1141x1536.jpeg",1141,1536,true],"2048x2048":["https:\/\/losdenunciados.do\/wp-content\/uploads\/2025\/05\/WhatsApp-Image-2025-05-10-at-2.00.41-PM-2-1.jpeg",1188,1599,false],"morenews-large":["https:\/\/losdenunciados.do\/wp-content\/uploads\/2025\/05\/WhatsApp-Image-2025-05-10-at-2.00.41-PM-2-1.jpeg",427,575,false],"morenews-medium":["https:\/\/losdenunciados.do\/wp-content\/uploads\/2025\/05\/WhatsApp-Image-2025-05-10-at-2.00.41-PM-2-1.jpeg",305,410,false]},"author_info":{"info":["admin"]},"category_info":"<a href=\"https:\/\/losdenunciados.do\/index.php\/category\/denuncias\/\" rel=\"category tag\">Denuncias<\/a>","tag_info":"Denuncias","comment_count":"0","jetpack_featured_media_url":"https:\/\/losdenunciados.do\/wp-content\/uploads\/2025\/05\/WhatsApp-Image-2025-05-10-at-2.00.41-PM-2-1.jpeg","jetpack_sharing_enabled":true,"_links":{"self":[{"href":"https:\/\/losdenunciados.do\/index.php\/wp-json\/wp\/v2\/posts\/60","targetHints":{"allow":["GET"]}}],"collection":[{"href":"https:\/\/losdenunciados.do\/index.php\/wp-json\/wp\/v2\/posts"}],"about":[{"href":"https:\/\/losdenunciados.do\/index.php\/wp-json\/wp\/v2\/types\/post"}],"author":[{"embeddable":true,"href":"https:\/\/losdenunciados.do\/index.php\/wp-json\/wp\/v2\/users\/1"}],"replies":[{"embeddable":true,"href":"https:\/\/losdenunciados.do\/index.php\/wp-json\/wp\/v2\/comments?post=60"}],"version-history":[{"count":1,"href":"https:\/\/losdenunciados.do\/index.php\/wp-json\/wp\/v2\/posts\/60\/revisions"}],"predecessor-version":[{"id":62,"href":"https:\/\/losdenunciados.do\/index.php\/wp-json\/wp\/v2\/posts\/60\/revisions\/62"}],"wp:featuredmedia":[{"embeddable":true,"href":"https:\/\/losdenunciados.do\/index.php\/wp-json\/wp\/v2\/media\/61"}],"wp:attachment":[{"href":"https:\/\/losdenunciados.do\/index.php\/wp-json\/wp\/v2\/media?parent=60"}],"wp:term":[{"taxonomy":"category","embeddable":true,"href":"https:\/\/losdenunciados.do\/index.php\/wp-json\/wp\/v2\/categories?post=60"},{"taxonomy":"post_tag","embeddable":true,"href":"https:\/\/losdenunciados.do\/index.php\/wp-json\/wp\/v2\/tags?post=60"}],"curies":[{"name":"wp","href":"https:\/\/api.w.org\/{rel}","templated":true}]}}