{"id":291,"date":"2026-04-20T19:11:03","date_gmt":"2026-04-20T19:11:03","guid":{"rendered":"https:\/\/losdenunciados.do\/?p=291"},"modified":"2026-05-01T02:00:16","modified_gmt":"2026-05-01T02:00:16","slug":"transparencia-internacional-el-asilo-otorgado-por-colombia-al-expresidente-de-panama-condenado-por-lavado-de-dinero-socava-la-lucha-contra-la-corrupcion","status":"publish","type":"post","link":"https:\/\/losdenunciados.do\/index.php\/2026\/04\/20\/transparencia-internacional-el-asilo-otorgado-por-colombia-al-expresidente-de-panama-condenado-por-lavado-de-dinero-socava-la-lucha-contra-la-corrupcion\/","title":{"rendered":"Transparencia Internacional: El asilo otorgado por Colombia al expresidente de Panam\u00e1 condenado por lavado de dinero socava la lucha contra la corrupci\u00f3n"},"content":{"rendered":"\n<p>La decisi\u00f3n de Colombia de acoger al expresidente paname\u00f1o Ricardo Martinelli, condenado por blanqueo de capitales, constituye un uso indebido del asilo pol\u00edtico y fomenta la impunidad en la regi\u00f3n<\/p>\n\n\n\n<p>Berl\u00edn \u2014 Transparencia Internacional condena en\u00e9rgicamente la decisi\u00f3n del gobierno colombiano de conceder asilo pol\u00edtico al expresidente paname\u00f1o Ricardo Martinelli, condenado por lavado de dinero. Esta decisi\u00f3n le permite eludir la rendici\u00f3n de cuentas y sienta un precedente negativo para toda la regi\u00f3n.<\/p>\n\n\n\n<p>Durante el fin de semana, Martinelli recibi\u00f3 un salvoconducto para viajar a Colombia tras pasar m\u00e1s de un a\u00f1o dentro de la misi\u00f3n diplom\u00e1tica de Nicaragua en la Ciudad de Panam\u00e1, donde se refugi\u00f3 para evitar cumplir una condena de 10 a\u00f1os de prisi\u00f3n por lavado de dinero. Este caso no es aislado en la regi\u00f3n. El mes pasado, Brasil concedi\u00f3 asilo pol\u00edtico a la ex primera dama de Per\u00fa, Nadine Heredia, y a su hijo, a pesar de que la justicia peruana la hab\u00eda condenado a 15 a\u00f1os de prisi\u00f3n por lavado de activos. El uso indebido del asilo pol\u00edtico en Am\u00e9rica Latina para proteger a personas involucradas en casos de corrupci\u00f3n es preocupante y no debe convertirse en una tendencia regional.<\/p>\n\n\n\n<p>El derecho internacional obliga a los Estados a conceder asilo a quienes tengan un \u201ctemor fundado de ser perseguidos por motivos de raza, religi\u00f3n, nacionalidad, pertenencia a un determinado grupo social u opiniones pol\u00edticas, se encuentren fuera del pa\u00eds de su nacionalidad y no puedan o, a causa de dicho temor, no quieran acogerse a la protecci\u00f3n de ese pa\u00eds\u201d. En el caso de Martinelli, no existen indicios de persecuci\u00f3n de este tipo.<\/p>\n\n\n\n<p><strong>Maira&nbsp;<\/strong><strong>Martini, directora ejecutiva de Transparencia Internacional, afirm\u00f3:<\/strong><\/p>\n\n\n\n<p>\u201cLa decisi\u00f3n de conceder asilo a Ricardo Martinelli atenta contra el estado de derecho y la rendici\u00f3n de cuentas. No se puede permitir, una y otra vez, que los pol\u00edticos de alto nivel eludan la justicia. Este precedente es sumamente peligroso, pues puede seguir debilitando la confianza en las instituciones judiciales y afectar gravemente los esfuerzos contra la corrupci\u00f3n en toda la regi\u00f3n.\u201d<\/p>\n\n\n\n<p>Panam\u00e1 es una democracia con un sistema judicial en funcionamiento, y no hay pruebas que indiquen persecuci\u00f3n pol\u00edtica en el caso de Martinelli. Su condena se dict\u00f3 respetando el debido proceso, y la sentencia es firme e inapelable seg\u00fan la legislaci\u00f3n paname\u00f1a. Protegerlo de la justicia socava gravemente la integridad legal no solo en Panam\u00e1 y Colombia, sino en toda Am\u00e9rica Latina, donde los esfuerzos por enjuiciar casos de corrupci\u00f3n a alto nivel siguen siendo escasos y fr\u00e1giles. Los gobiernos de la regi\u00f3n no pueden cerrar los ojos ante estas acciones y deben reafirmar su compromiso con el estado de derecho.<\/p>\n","protected":false},"excerpt":{"rendered":"<p>La decisi\u00f3n de Colombia de acoger al expresidente paname\u00f1o Ricardo Martinelli, condenado por blanqueo de capitales, constituye un<\/p>\n","protected":false},"author":1,"featured_media":292,"comment_status":"open","ping_status":"open","sticky":false,"template":"","format":"standard","meta":{"advanced_seo_description":"","jetpack_seo_html_title":"","jetpack_seo_noindex":false,"_jetpack_memberships_contains_paid_content":false,"footnotes":""},"categories":[3],"tags":[],"class_list":["post-291","post","type-post","status-publish","format-standard","has-post-thumbnail","hentry","category-denuncias"],"featured_image_urls":{"full":["https:\/\/losdenunciados.do\/wp-content\/uploads\/2025\/07\/rm.jpg",1200,675,false],"thumbnail":["https:\/\/losdenunciados.do\/wp-content\/uploads\/2025\/07\/rm-150x150.jpg",150,150,true],"medium":["https:\/\/losdenunciados.do\/wp-content\/uploads\/2025\/07\/rm-300x169.jpg",300,169,true],"medium_large":["https:\/\/losdenunciados.do\/wp-content\/uploads\/2025\/07\/rm-768x432.jpg",640,360,true],"large":["https:\/\/losdenunciados.do\/wp-content\/uploads\/2025\/07\/rm-1024x576.jpg",640,360,true],"1536x1536":["https:\/\/losdenunciados.do\/wp-content\/uploads\/2025\/07\/rm.jpg",1200,675,false],"2048x2048":["https:\/\/losdenunciados.do\/wp-content\/uploads\/2025\/07\/rm.jpg",1200,675,false],"morenews-large":["https:\/\/losdenunciados.do\/wp-content\/uploads\/2025\/07\/rm-825x575.jpg",825,575,true],"morenews-medium":["https:\/\/losdenunciados.do\/wp-content\/uploads\/2025\/07\/rm-590x410.jpg",590,410,true]},"author_info":{"info":["admin"]},"category_info":"<a href=\"https:\/\/losdenunciados.do\/index.php\/category\/denuncias\/\" rel=\"category tag\">Denuncias<\/a>","tag_info":"Denuncias","comment_count":"0","jetpack_featured_media_url":"https:\/\/losdenunciados.do\/wp-content\/uploads\/2025\/07\/rm.jpg","jetpack_sharing_enabled":true,"_links":{"self":[{"href":"https:\/\/losdenunciados.do\/index.php\/wp-json\/wp\/v2\/posts\/291","targetHints":{"allow":["GET"]}}],"collection":[{"href":"https:\/\/losdenunciados.do\/index.php\/wp-json\/wp\/v2\/posts"}],"about":[{"href":"https:\/\/losdenunciados.do\/index.php\/wp-json\/wp\/v2\/types\/post"}],"author":[{"embeddable":true,"href":"https:\/\/losdenunciados.do\/index.php\/wp-json\/wp\/v2\/users\/1"}],"replies":[{"embeddable":true,"href":"https:\/\/losdenunciados.do\/index.php\/wp-json\/wp\/v2\/comments?post=291"}],"version-history":[{"count":1,"href":"https:\/\/losdenunciados.do\/index.php\/wp-json\/wp\/v2\/posts\/291\/revisions"}],"predecessor-version":[{"id":293,"href":"https:\/\/losdenunciados.do\/index.php\/wp-json\/wp\/v2\/posts\/291\/revisions\/293"}],"wp:featuredmedia":[{"embeddable":true,"href":"https:\/\/losdenunciados.do\/index.php\/wp-json\/wp\/v2\/media\/292"}],"wp:attachment":[{"href":"https:\/\/losdenunciados.do\/index.php\/wp-json\/wp\/v2\/media?parent=291"}],"wp:term":[{"taxonomy":"category","embeddable":true,"href":"https:\/\/losdenunciados.do\/index.php\/wp-json\/wp\/v2\/categories?post=291"},{"taxonomy":"post_tag","embeddable":true,"href":"https:\/\/losdenunciados.do\/index.php\/wp-json\/wp\/v2\/tags?post=291"}],"curies":[{"name":"wp","href":"https:\/\/api.w.org\/{rel}","templated":true}]}}