{"id":256,"date":"2026-04-28T03:51:23","date_gmt":"2026-04-28T03:51:23","guid":{"rendered":"https:\/\/losdenunciados.do\/?p=256"},"modified":"2026-05-01T02:00:41","modified_gmt":"2026-05-01T02:00:41","slug":"corrupcion-y-crimen-el-escandalo-que-sacudio-a-la-omsa","status":"publish","type":"post","link":"https:\/\/losdenunciados.do\/index.php\/2026\/04\/28\/corrupcion-y-crimen-el-escandalo-que-sacudio-a-la-omsa\/","title":{"rendered":"CORRUPCI\u00d3N Y CRIMEN: EL ESC\u00c1NDALO QUE SACUDI\u00d3 A LA OMSA"},"content":{"rendered":"\n<h3 class=\"wp-block-heading\"><em>Cuando el transporte p\u00fablico se convirti\u00f3 en escenario de crimen y desfalco<\/em><\/h3>\n\n\n\n<p><strong>Por:<\/strong> Redacci\u00f3n de Investigaci\u00f3n<br><strong>Santo Domingo, Rep\u00fablica Dominicana<\/strong><\/p>\n\n\n\n<h3 class=\"wp-block-heading\">\ud83d\ude8c \u00bfQU\u00c9 ES LA OMSA?<\/h3>\n\n\n\n<p>La <strong>Oficina Metropolitana de Servicios de Autobuses (OMSA)<\/strong> es una instituci\u00f3n estatal encargada del transporte p\u00fablico terrestre en el Gran Santo Domingo. Desde su fundaci\u00f3n, su funci\u00f3n ha sido ofrecer un servicio econ\u00f3mico y eficiente a la ciudadan\u00eda. Sin embargo, en 2017, la instituci\u00f3n se vio envuelta en un esc\u00e1ndalo que destap\u00f3 corrupci\u00f3n, irregularidades administrativas y hasta un asesinato.<\/p>\n\n\n\n<hr class=\"wp-block-separator has-alpha-channel-opacity\"\/>\n\n\n\n<h3 class=\"wp-block-heading\">\u26a0\ufe0f EL CASO EXPLOTA: EL ASESINATO DE YUNIOL RAM\u00cdREZ<\/h3>\n\n\n\n<p>El esc\u00e1ndalo sali\u00f3 a la luz tras el <strong>asesinato del abogado y catedr\u00e1tico Yuniol Ram\u00edrez Ferreras<\/strong>, el 11 de octubre de 2017. Ram\u00edrez hab\u00eda iniciado investigaciones sobre presuntas irregularidades en la OMSA y, al parecer, estaba exigiendo documentaci\u00f3n y transparencia en contratos millonarios.<\/p>\n\n\n\n<p>Fue encontrado muerto con un disparo en la cabeza y una cadena atada a su cuello, en un arroyo de Santo Domingo Oeste. Su asesinato gener\u00f3 indignaci\u00f3n nacional y revel\u00f3 una conexi\u00f3n directa con <strong>funcionarios de la OMSA<\/strong>, incluyendo su entonces director.<\/p>\n\n\n\n<hr class=\"wp-block-separator has-alpha-channel-opacity\"\/>\n\n\n\n<h3 class=\"wp-block-heading\">\ud83e\uddfe LA TRAMA DE CORRUPCI\u00d3N<\/h3>\n\n\n\n<p>Paralelamente a la investigaci\u00f3n del asesinato, la <strong>Procuradur\u00eda General de la Rep\u00fablica<\/strong> abri\u00f3 un expediente por corrupci\u00f3n administrativa dentro de la OMSA. Se descubrieron <strong>contratos fraudulentos<\/strong>, pagos a empresas fantasmas, sobrevaluaciones de servicios y una red de favoritismo y desfalco.<\/p>\n\n\n\n<p>El entonces director de la OMSA, <strong>Manuel Antonio Rivas<\/strong>, fue arrestado y acusado de corrupci\u00f3n y complicidad en el asesinato de Yuniol Ram\u00edrez. Seg\u00fan el Ministerio P\u00fablico, se desviaron <strong>millones de pesos<\/strong> a trav\u00e9s de contratos manipulados, incluyendo a empresas de allegados pol\u00edticos y familiares.<\/p>\n\n\n\n<hr class=\"wp-block-separator has-alpha-channel-opacity\"\/>\n\n\n\n<h3 class=\"wp-block-heading\">\ud83d\udd17 V\u00cdNCULOS Y ENCUBRIMIENTO<\/h3>\n\n\n\n<p>La investigaci\u00f3n revel\u00f3 que varios empleados de la OMSA actuaban en conjunto para <strong>ocultar informaci\u00f3n, falsificar documentos y pagar sobornos<\/strong>. Las pruebas incluyeron transferencias bancarias, cheques endosados por personas que nunca prestaron servicios reales y compras infladas de repuestos y mantenimiento.<\/p>\n\n\n\n<p>Adem\u00e1s, se aleg\u00f3 que Yuniol Ram\u00edrez habr\u00eda sido asesinado para <strong>silenciar sus denuncias<\/strong>. Supuestamente, estaba extorsionando a Rivas con pruebas sobre la corrupci\u00f3n interna. Este dato, aunque pol\u00e9mico, fue utilizado por la defensa para tratar de desviar la atenci\u00f3n de las irregularidades m\u00e1s amplias.<\/p>\n\n\n\n<hr class=\"wp-block-separator has-alpha-channel-opacity\"\/>\n\n\n\n<h3 class=\"wp-block-heading\">\u2696\ufe0f PROCESO JUDICIAL Y REPERCUSIONES<\/h3>\n\n\n\n<p>En los a\u00f1os siguientes, el caso pas\u00f3 por un proceso judicial complejo. Manuel Rivas fue enviado a prisi\u00f3n preventiva, al igual que otros implicados, entre ellos el coronel Faustino Rosario D\u00edaz y Argenis Contreras, este \u00faltimo acusado de ser el autor material del asesinato de Ram\u00edrez, capturado en EE. UU. y extraditado a RD en 2021.<\/p>\n\n\n\n<p>Las audiencias han estado marcadas por retrasos, recursos legales y presiones pol\u00edticas. A julio de 2025, <strong>el juicio sigue en curso<\/strong>, con reclamos de justicia por parte de la familia de Yuniol Ram\u00edrez y sectores de la sociedad civil.<\/p>\n\n\n\n<hr class=\"wp-block-separator has-alpha-channel-opacity\"\/>\n\n\n\n<h3 class=\"wp-block-heading\">\ud83d\udde3\ufe0f REACCI\u00d3N P\u00daBLICA<\/h3>\n\n\n\n<p>El esc\u00e1ndalo de la OMSA provoc\u00f3 un <strong>rechazo generalizado de la ciudadan\u00eda<\/strong>, harta de los constantes casos de corrupci\u00f3n en el Estado. Se sum\u00f3 al contexto de indignaci\u00f3n social que dio origen al movimiento c\u00edvico <strong>Marcha Verde<\/strong>, que exig\u00eda el fin de la impunidad y castigo para los corruptos, sin importar su afiliaci\u00f3n pol\u00edtica.<\/p>\n\n\n\n<hr class=\"wp-block-separator has-alpha-channel-opacity\"\/>\n\n\n\n<h3 class=\"wp-block-heading\">\u270d\ufe0f CONCLUSI\u00d3N<\/h3>\n\n\n\n<p>El caso de la OMSA es un retrato alarmante de c\u00f3mo la <strong>corrupci\u00f3n puede infiltrar incluso servicios esenciales como el transporte p\u00fablico<\/strong>, y c\u00f3mo la falta de controles permite que los fondos del pueblo se desv\u00eden hacia bolsillos privados. M\u00e1s grave a\u00fan, expone c\u00f3mo la impunidad puede llegar al extremo de quitar la vida a quienes buscan justicia.<\/p>\n\n\n\n<p>La muerte de Yuniol Ram\u00edrez sigue exigiendo respuestas. El pa\u00eds no olvida, y la historia no perdona.<\/p>\n","protected":false},"excerpt":{"rendered":"<p>Cuando el transporte p\u00fablico se convirti\u00f3 en escenario de crimen y desfalco Por: Redacci\u00f3n de Investigaci\u00f3nSanto Domingo, Rep\u00fablica<\/p>\n","protected":false},"author":1,"featured_media":257,"comment_status":"open","ping_status":"open","sticky":false,"template":"","format":"standard","meta":{"advanced_seo_description":"","jetpack_seo_html_title":"","jetpack_seo_noindex":false,"_jetpack_memberships_contains_paid_content":false,"footnotes":""},"categories":[72],"tags":[],"class_list":["post-256","post","type-post","status-publish","format-standard","has-post-thumbnail","hentry","category-investigaciones-historicas"],"featured_image_urls":{"full":["https:\/\/losdenunciados.do\/wp-content\/uploads\/2025\/07\/5_Nacionales_3_1p01.webp",1697,1031,false],"thumbnail":["https:\/\/losdenunciados.do\/wp-content\/uploads\/2025\/07\/5_Nacionales_3_1p01-150x150.webp",150,150,true],"medium":["https:\/\/losdenunciados.do\/wp-content\/uploads\/2025\/07\/5_Nacionales_3_1p01-300x182.webp",300,182,true],"medium_large":["https:\/\/losdenunciados.do\/wp-content\/uploads\/2025\/07\/5_Nacionales_3_1p01-768x467.webp",640,389,true],"large":["https:\/\/losdenunciados.do\/wp-content\/uploads\/2025\/07\/5_Nacionales_3_1p01-1024x622.webp",640,389,true],"1536x1536":["https:\/\/losdenunciados.do\/wp-content\/uploads\/2025\/07\/5_Nacionales_3_1p01-1536x933.webp",1536,933,true],"2048x2048":["https:\/\/losdenunciados.do\/wp-content\/uploads\/2025\/07\/5_Nacionales_3_1p01.webp",1697,1031,false],"morenews-large":["https:\/\/losdenunciados.do\/wp-content\/uploads\/2025\/07\/5_Nacionales_3_1p01-825x575.webp",825,575,true],"morenews-medium":["https:\/\/losdenunciados.do\/wp-content\/uploads\/2025\/07\/5_Nacionales_3_1p01-590x410.webp",590,410,true]},"author_info":{"info":["admin"]},"category_info":"<a href=\"https:\/\/losdenunciados.do\/index.php\/category\/investigaciones-historicas\/\" rel=\"category tag\">Investigaciones historicas<\/a>","tag_info":"Investigaciones historicas","comment_count":"0","jetpack_featured_media_url":"https:\/\/losdenunciados.do\/wp-content\/uploads\/2025\/07\/5_Nacionales_3_1p01.webp","jetpack_sharing_enabled":true,"_links":{"self":[{"href":"https:\/\/losdenunciados.do\/index.php\/wp-json\/wp\/v2\/posts\/256","targetHints":{"allow":["GET"]}}],"collection":[{"href":"https:\/\/losdenunciados.do\/index.php\/wp-json\/wp\/v2\/posts"}],"about":[{"href":"https:\/\/losdenunciados.do\/index.php\/wp-json\/wp\/v2\/types\/post"}],"author":[{"embeddable":true,"href":"https:\/\/losdenunciados.do\/index.php\/wp-json\/wp\/v2\/users\/1"}],"replies":[{"embeddable":true,"href":"https:\/\/losdenunciados.do\/index.php\/wp-json\/wp\/v2\/comments?post=256"}],"version-history":[{"count":1,"href":"https:\/\/losdenunciados.do\/index.php\/wp-json\/wp\/v2\/posts\/256\/revisions"}],"predecessor-version":[{"id":258,"href":"https:\/\/losdenunciados.do\/index.php\/wp-json\/wp\/v2\/posts\/256\/revisions\/258"}],"wp:featuredmedia":[{"embeddable":true,"href":"https:\/\/losdenunciados.do\/index.php\/wp-json\/wp\/v2\/media\/257"}],"wp:attachment":[{"href":"https:\/\/losdenunciados.do\/index.php\/wp-json\/wp\/v2\/media?parent=256"}],"wp:term":[{"taxonomy":"category","embeddable":true,"href":"https:\/\/losdenunciados.do\/index.php\/wp-json\/wp\/v2\/categories?post=256"},{"taxonomy":"post_tag","embeddable":true,"href":"https:\/\/losdenunciados.do\/index.php\/wp-json\/wp\/v2\/tags?post=256"}],"curies":[{"name":"wp","href":"https:\/\/api.w.org\/{rel}","templated":true}]}}