{"id":253,"date":"2026-04-28T03:48:02","date_gmt":"2026-04-28T03:48:02","guid":{"rendered":"https:\/\/losdenunciados.do\/?p=253"},"modified":"2026-05-01T02:00:52","modified_gmt":"2026-05-01T02:00:52","slug":"el-caso-koldo-una-trama-de-corrupcion-en-tiempos-de-pandemia","status":"publish","type":"post","link":"https:\/\/losdenunciados.do\/index.php\/2026\/04\/28\/el-caso-koldo-una-trama-de-corrupcion-en-tiempos-de-pandemia\/","title":{"rendered":"EL CASO KOLDO: UNA TRAMA DE CORRUPCI\u00d3N EN TIEMPOS DE PANDEMIA"},"content":{"rendered":"\n<h3 class=\"wp-block-heading\"><em>Cuando la emergencia sanitaria se convirti\u00f3 en oportunidad para el lucro il\u00edcito<\/em><\/h3>\n\n\n\n<p><strong>Por:<\/strong> Redacci\u00f3n de Investigaci\u00f3n<br><strong>Madrid, Espa\u00f1a<\/strong><\/p>\n\n\n\n<h3 class=\"wp-block-heading\">\ud83d\udd0d \u00bfQUI\u00c9N ES KOLDO GARC\u00cdA?<\/h3>\n\n\n\n<p>Koldo Garc\u00eda Izaguirre fue un hombre de confianza de <strong>Jos\u00e9 Luis \u00c1balos<\/strong>, exministro de Transportes del Gobierno de Espa\u00f1a. Exescolta, militante socialista de origen vasco y asesor ministerial, Koldo ocupaba un cargo discreto pero influyente. Su cercan\u00eda al poder le abri\u00f3 las puertas a decisiones estrat\u00e9gicas durante la crisis del COVID-19.<\/p>\n\n\n\n<p>Pero su nombre salt\u00f3 al foco p\u00fablico en 2024, cuando la Fiscal\u00eda Anticorrupci\u00f3n y la Guardia Civil destaparon una presunta red de corrupci\u00f3n vinculada a la adjudicaci\u00f3n de <strong>contratos p\u00fablicos millonarios<\/strong> para la compra de mascarillas y material sanitario durante el estado de alarma.<\/p>\n\n\n\n<h3 class=\"wp-block-heading\">\ud83d\udcbc LA TRAMA DE LOS CONTRATOS<\/h3>\n\n\n\n<p>La investigaci\u00f3n judicial, conocida como la <strong>\u201cOperaci\u00f3n Delorme\u201d<\/strong>, se\u00f1ala que Koldo Garc\u00eda habr\u00eda actuado como <strong>intermediario<\/strong> entre empresas privadas sin experiencia sanitaria y diversas administraciones p\u00fablicas (ministerios, comunidades aut\u00f3nomas y empresas estatales como ADIF y Puertos del Estado).<\/p>\n\n\n\n<p>Seg\u00fan el sumario, Koldo utiliz\u00f3 su influencia para facilitar la firma de <strong>contratos expr\u00e9s<\/strong>, muchos de los cuales acabaron adjudicando millones de euros a <strong>empresas pantalla<\/strong>. A cambio, el c\u00edrculo investigado habr\u00eda recibido <strong>comisiones ilegales<\/strong>, transferencias opacas y pagos en efectivo.<\/p>\n\n\n\n<h3 class=\"wp-block-heading\">\ud83d\udcb6 \u00bfCU\u00c1NTO DINERO EST\u00c1 EN JUEGO?<\/h3>\n\n\n\n<p>Los investigadores estiman que los contratos adjudicados bajo sospecha superan los <strong>50 millones de euros<\/strong>, y que las comisiones ilegales podr\u00edan ascender a <strong>m\u00e1s de 9 millones<\/strong>. Parte de ese dinero habr\u00eda sido blanqueado mediante la compra de inmuebles y transferencias a cuentas en el extranjero.<\/p>\n\n\n\n<p>El caso tambi\u00e9n investiga v\u00ednculos con <strong>empresarios pr\u00f3ximos al PSOE<\/strong>, y analiza si existi\u00f3 una estructura organizada para lucrarse sistem\u00e1ticamente con el estado de necesidad generado por la pandemia.<\/p>\n\n\n\n<h3 class=\"wp-block-heading\">\u2696\ufe0f DETENCIONES Y DIMISIONES<\/h3>\n\n\n\n<p>Koldo Garc\u00eda fue detenido en febrero de 2024. Su arresto provoc\u00f3 una <strong>crisis pol\u00edtica inmediata<\/strong>. Jos\u00e9 Luis \u00c1balos, quien hab\u00eda negado relaci\u00f3n con los hechos, fue forzado a abandonar su esca\u00f1o como diputado tras la presi\u00f3n p\u00fablica y del propio Partido Socialista.<\/p>\n\n\n\n<p>El caso salpic\u00f3 a otros funcionarios de menor perfil y oblig\u00f3 al Gobierno a reforzar los controles sobre contratos de emergencia firmados durante el estado de alarma.<\/p>\n\n\n\n<h3 class=\"wp-block-heading\">\ud83d\udde3\ufe0f REPERCUSIONES POL\u00cdTICAS<\/h3>\n\n\n\n<p>El \u201ccaso Koldo\u201d ha sido utilizado por la oposici\u00f3n como ejemplo de <strong>decadencia moral<\/strong> dentro del PSOE. La derecha pol\u00edtica ha exigido explicaciones directas del presidente Pedro S\u00e1nchez, mientras sectores de izquierda critican la falta de transparencia y piden <strong>regeneraci\u00f3n institucional<\/strong>.<\/p>\n\n\n\n<p>El Congreso de los Diputados abri\u00f3 una <strong>comisi\u00f3n de investigaci\u00f3n<\/strong>. Aunque no hay pruebas directas que vinculen al expresidente del Gobierno con la trama, el caso ha da\u00f1ado la imagen de la gesti\u00f3n del Ejecutivo durante la pandemia.<\/p>\n\n\n\n<hr class=\"wp-block-separator has-alpha-channel-opacity\"\/>\n\n\n\n<h3 class=\"wp-block-heading\">\ud83e\uddfe LECCIONES DE UNA PANDEMIA<\/h3>\n\n\n\n<p>El caso ha vuelto a poner en el centro del debate la necesidad de <strong>controles m\u00e1s rigurosos<\/strong> en la contrataci\u00f3n p\u00fablica durante estados de emergencia. Tambi\u00e9n ha reavivado la discusi\u00f3n sobre el uso de <strong>intermediarios sin cualificaci\u00f3n t\u00e9cnica<\/strong>, algo que en este caso se convirti\u00f3 en una puerta de entrada para el enriquecimiento il\u00edcito.<\/p>\n\n\n\n<h3 class=\"wp-block-heading\">\u270d\ufe0f <strong>CONCLUSI\u00d3N<\/strong><\/h3>\n\n\n\n<p>El caso Koldo Garc\u00eda no es solo una historia de corrupci\u00f3n. Es un espejo inc\u00f3modo que refleja c\u00f3mo, en medio del dolor colectivo de una crisis sanitaria, algunos vieron <strong>una oportunidad de oro<\/strong> para enriquecerse. Y tambi\u00e9n plantea una pregunta crucial: \u00bfc\u00f3mo se blindan las instituciones para que la urgencia no se convierta en impunidad?<\/p>\n\n\n\n<p>\u00bfTe gustar\u00eda que lo adapte en formato televisivo, infograf\u00eda o presentaci\u00f3n para diapositivas? Tambi\u00e9n puedo preparar un resumen en lenguaje m\u00e1s accesible si lo necesitas para radio, redes o fines educativos.<\/p>\n\n\n\n<p><\/p>\n","protected":false},"excerpt":{"rendered":"<p>Cuando la emergencia sanitaria se convirti\u00f3 en oportunidad para el lucro il\u00edcito Por: Redacci\u00f3n de Investigaci\u00f3nMadrid, Espa\u00f1a \ud83d\udd0d<\/p>\n","protected":false},"author":1,"featured_media":254,"comment_status":"open","ping_status":"open","sticky":false,"template":"","format":"standard","meta":{"advanced_seo_description":"","jetpack_seo_html_title":"","jetpack_seo_noindex":false,"_jetpack_memberships_contains_paid_content":false,"footnotes":""},"categories":[72,8],"tags":[],"class_list":["post-253","post","type-post","status-publish","format-standard","has-post-thumbnail","hentry","category-investigaciones-historicas","category-lios-del-exterior"],"featured_image_urls":{"full":["https:\/\/losdenunciados.do\/wp-content\/uploads\/2025\/07\/EL-CASO-KOLDO.jpg",300,168,false],"thumbnail":["https:\/\/losdenunciados.do\/wp-content\/uploads\/2025\/07\/EL-CASO-KOLDO-150x150.jpg",150,150,true],"medium":["https:\/\/losdenunciados.do\/wp-content\/uploads\/2025\/07\/EL-CASO-KOLDO.jpg",300,168,false],"medium_large":["https:\/\/losdenunciados.do\/wp-content\/uploads\/2025\/07\/EL-CASO-KOLDO.jpg",300,168,false],"large":["https:\/\/losdenunciados.do\/wp-content\/uploads\/2025\/07\/EL-CASO-KOLDO.jpg",300,168,false],"1536x1536":["https:\/\/losdenunciados.do\/wp-content\/uploads\/2025\/07\/EL-CASO-KOLDO.jpg",300,168,false],"2048x2048":["https:\/\/losdenunciados.do\/wp-content\/uploads\/2025\/07\/EL-CASO-KOLDO.jpg",300,168,false],"morenews-large":["https:\/\/losdenunciados.do\/wp-content\/uploads\/2025\/07\/EL-CASO-KOLDO.jpg",300,168,false],"morenews-medium":["https:\/\/losdenunciados.do\/wp-content\/uploads\/2025\/07\/EL-CASO-KOLDO.jpg",300,168,false]},"author_info":{"info":["admin"]},"category_info":"<a href=\"https:\/\/losdenunciados.do\/index.php\/category\/investigaciones-historicas\/\" rel=\"category tag\">Investigaciones historicas<\/a> <a href=\"https:\/\/losdenunciados.do\/index.php\/category\/lios-del-exterior\/\" rel=\"category tag\">L\u00edos del exterior<\/a>","tag_info":"L\u00edos del exterior","comment_count":"0","jetpack_featured_media_url":"https:\/\/losdenunciados.do\/wp-content\/uploads\/2025\/07\/EL-CASO-KOLDO.jpg","jetpack_sharing_enabled":true,"_links":{"self":[{"href":"https:\/\/losdenunciados.do\/index.php\/wp-json\/wp\/v2\/posts\/253","targetHints":{"allow":["GET"]}}],"collection":[{"href":"https:\/\/losdenunciados.do\/index.php\/wp-json\/wp\/v2\/posts"}],"about":[{"href":"https:\/\/losdenunciados.do\/index.php\/wp-json\/wp\/v2\/types\/post"}],"author":[{"embeddable":true,"href":"https:\/\/losdenunciados.do\/index.php\/wp-json\/wp\/v2\/users\/1"}],"replies":[{"embeddable":true,"href":"https:\/\/losdenunciados.do\/index.php\/wp-json\/wp\/v2\/comments?post=253"}],"version-history":[{"count":1,"href":"https:\/\/losdenunciados.do\/index.php\/wp-json\/wp\/v2\/posts\/253\/revisions"}],"predecessor-version":[{"id":255,"href":"https:\/\/losdenunciados.do\/index.php\/wp-json\/wp\/v2\/posts\/253\/revisions\/255"}],"wp:featuredmedia":[{"embeddable":true,"href":"https:\/\/losdenunciados.do\/index.php\/wp-json\/wp\/v2\/media\/254"}],"wp:attachment":[{"href":"https:\/\/losdenunciados.do\/index.php\/wp-json\/wp\/v2\/media?parent=253"}],"wp:term":[{"taxonomy":"category","embeddable":true,"href":"https:\/\/losdenunciados.do\/index.php\/wp-json\/wp\/v2\/categories?post=253"},{"taxonomy":"post_tag","embeddable":true,"href":"https:\/\/losdenunciados.do\/index.php\/wp-json\/wp\/v2\/tags?post=253"}],"curies":[{"name":"wp","href":"https:\/\/api.w.org\/{rel}","templated":true}]}}