{"id":250,"date":"2026-04-27T03:43:41","date_gmt":"2026-04-27T03:43:41","guid":{"rendered":"https:\/\/losdenunciados.do\/?p=250"},"modified":"2026-05-01T02:23:17","modified_gmt":"2026-05-01T02:23:17","slug":"facturas-favores-y-contactos-los-audios-de-koldo-garcia-como-mediador-en-su-etapa-de-asesor-de-abalos","status":"publish","type":"post","link":"https:\/\/losdenunciados.do\/index.php\/2026\/04\/27\/facturas-favores-y-contactos-los-audios-de-koldo-garcia-como-mediador-en-su-etapa-de-asesor-de-abalos\/","title":{"rendered":"Facturas, favores y contactos: los audios de Koldo Garc\u00eda como mediador en su etapa de asesor de \u00c1balos"},"content":{"rendered":"\n<ul class=\"wp-block-list\">\n<li>RTVE ha tenido acceso a parte de las grabaciones realizadas por el exasesor de \u00c1balos<\/li>\n\n\n\n<li>Tambi\u00e9n hay comentaros machistas y consignas a mujeres<\/li>\n<\/ul>\n\n\n\n<figure class=\"wp-block-image\"><a href=\"https:\/\/www.rtve.es\/play\/videos\/telediario-fin-de-semana\/audios-koldo-garcia-como-mediador-su-etapa-asesor-abalos\/16678341\/\"><img decoding=\"async\" src=\"https:\/\/img2.rtve.es\/v\/16678341?w=1600&amp;preview=01753542991872.jpg\" alt=\"Los audios de Koldo Garc\u00eda como mediador en su etapa de asesor de \u00c1balos | Ver\" title=\"Los audios de Koldo Garc\u00eda como mediador en su etapa de asesor de \u00c1balos\"\/><\/a><figcaption class=\"wp-element-caption\">Los audios de Koldo Garc\u00eda como mediador en su etapa de asesor de \u00c1balos<\/figcaption><\/figure>\n\n\n\n<p><strong>RTVE.<\/strong>ES<\/p>\n\n\n\n<p>Adem\u00e1s de las conversaciones conocidas hasta ahora \u2014en las que se habla de&nbsp;<a href=\"https:\/\/www.rtve.es\/noticias\/20250613\/audios-intervenidos-uco-desembocaron-dimision-cerdan-koldo-no-quiero-hables-esto-no-se-habla\/16623785.shtml\">&#8216;mordidas&#8217; que implican tanto al que fue su jefe como al exsecretario general<\/a>&nbsp;de organizaci\u00f3n del PSOE, Santos Cerd\u00e1n\u2014 los audios incautados por la UCO<strong>&nbsp;revelan tambi\u00e9n su papel de mediador y conseguidor<\/strong>.<\/p>\n\n\n\n<p>RTVE ha tenido acceso a esas grabaciones, parte de ellas descartadas por la UCO, en las que se encuentran numerosas alusiones a dinero, solicitudes de trabajo y gestiones en embajadas, entre otras. \u00abA \u00e9l le tenemos que hacer una factura de 1.000 euros y eran 1.000 euros cada mes. Lo que pasa es que, bueno&#8230; Se escaquea de todo\u00bb, se escucha a Koldo Garc\u00eda en uno de ellos. \u00ab\u00bfHa ingresado el cordob\u00e9s? \u00bfDe C\u00f3rdoba?\u00bb, pregunta en otro.<\/p>\n\n\n\n<p><a href=\"https:\/\/www.rtve.es\/noticias\/20250725\/koldo-utilizo-a-colaboradores-para-espiar-a-oponentes-politicos\/16677945.shtml\"><\/a><\/p>\n\n\n\n<figure class=\"wp-block-image\"><a class=\"noticBox\" href=\"https:\/\/www.rtve.es\/noticias\/20250725\/koldo-utilizo-a-colaboradores-para-espiar-a-oponentes-politicos\/16677945.shtml\"><img decoding=\"async\" src=\"https:\/\/img.rtve.es\/n\/koldo-utilizo-a-colaboradores-para-espiar-a-oponentes-politicos_16677945.jpg\" alt=\"Koldo Garc\u00eda utiliz\u00f3 a colaboradores para espiar a oponentes pol\u00edticos\"\/><\/a><\/figure>\n\n\n\n<p><a href=\"https:\/\/www.rtve.es\/noticias\/20250725\/koldo-utilizo-a-colaboradores-para-espiar-a-oponentes-politicos\/16677945.shtml\"><\/a><a href=\"https:\/\/www.rtve.es\/noticias\/20250725\/koldo-utilizo-a-colaboradores-para-espiar-a-oponentes-politicos\/16677945.shtml\"><strong>Koldo Garc\u00eda utiliz\u00f3 a colaboradores para espiar a oponentes pol\u00edticos<\/strong><\/a><\/p>\n\n\n\n<p>La mayor\u00eda son audios, sin embargo, est\u00e1n&nbsp;<strong>descontextualizados y no se conoce a qui\u00e9n se dirigen&nbsp;<\/strong>ni a qu\u00e9 se refieren en concreto. Estas informaciones se unen a las conocidas este viernes en las que se muestra como Koldo Garc\u00eda utiliz\u00f3 a&nbsp;<a href=\"https:\/\/www.rtve.es\/noticias\/20250725\/koldo-utilizo-a-colaboradores-para-espiar-a-oponentes-politicos\/16677945.shtml\">colaboradores para espiar<\/a>&nbsp;a oponentes pol\u00edticos.<\/p>\n\n\n\n<h2 class=\"wp-block-heading\">Llamamientos a la discreci\u00f3n<\/h2>\n\n\n\n<p>Entre las grabaciones se encuentran, asimismo,&nbsp;<strong>llamamientos a la discreci\u00f3n<\/strong>. \u00abNo comentes nada con nadie, \u00bfvale? (&#8230;) La factura de lo de Azvi lo lleva el hermano de Jacobo. Y el problema que tenemos es que el resto las tendremos que hacer nosotros. Y no s\u00e9 c\u00f3mo hacerlo\u00bb, dice Koldo Garc\u00eda en otra conversaci\u00f3n.<\/p>\n\n\n\n<p>Adem\u00e1s, le piden&nbsp;<strong>favores personales o le hablan de armas<\/strong>. \u00abOye Koldo&#8230; \u00bfT\u00fa me podr\u00edas conseguir una serie de botellas, pero que sean edici\u00f3n limitada?\u00bb, solicita un hombre. \u00abYa el d\u00eda, la semana empieza hoy, si nos vemos&#8230; Y ya tambi\u00e9n a parte de echar un ratito juntos ya te traigo el arma. \u00bfDe acuerdo, campe\u00f3n?\u00bb, le se\u00f1ala la misma persona en otro audio.<\/p>\n\n\n\n<p>A las&nbsp;<a href=\"https:\/\/www.rtve.es\/noticias\/20250617\/audios-sobre-prostitucion-indignan-mujeres-psoe\/16628573.shtml\">conversaciones con \u00c1balos sobre prostituci\u00f3n<\/a>, se unen los comentarios machistas y consignas a mujeres. \u00abQue se vea que se nota el pez\u00f3n por encima. Cualquier posici\u00f3n que pueda bien para que se pueda ver la teta o se pueda ver culo o se pueda ver el dinero&#8230;\u00bb, menciona Koldo Garc\u00eda. En otro audio guardado, una mujer llega a decir que \u00ablo mejor que va a pasar en la cena es que va a haber tambi\u00e9n barra libre de popper\u00bb.<\/p>\n\n\n\n<p><a href=\"https:\/\/www.rtve.es\/noticias\/20250617\/audios-sobre-prostitucion-indignan-mujeres-psoe\/16628573.shtml\"><\/a><\/p>\n\n\n\n<figure class=\"wp-block-image\"><a class=\"noticBox\" href=\"https:\/\/www.rtve.es\/noticias\/20250617\/audios-sobre-prostitucion-indignan-mujeres-psoe\/16628573.shtml\"><img decoding=\"async\" src=\"https:\/\/img.rtve.es\/n\/audios-sobre-prostitucion-indignan-mujeres-psoe_16628573.jpg\" alt=\"Los audios de Koldo y \u00c1balos sobre prostituci\u00f3n &quot;indignan&quot; a las mujeres del PSOE: &quot;Son vomitivos&quot;\"\/><\/a><\/figure>\n\n\n\n<p><a href=\"https:\/\/www.rtve.es\/noticias\/20250617\/audios-sobre-prostitucion-indignan-mujeres-psoe\/16628573.shtml\"><\/a><a href=\"https:\/\/www.rtve.es\/noticias\/20250617\/audios-sobre-prostitucion-indignan-mujeres-psoe\/16628573.shtml\"><strong>Los audios de Koldo y \u00c1balos sobre prostituci\u00f3n \u00abindignan\u00bb a las mujeres del PSOE: \u00abSon vomitivos\u00bb<\/strong><\/a><\/p>\n\n\n\n<h2 class=\"wp-block-heading\">Mensajes de Aldama y tareas pendientes<\/h2>\n\n\n\n<p>Tambi\u00e9n hay&nbsp;<strong>grabaciones del empresario V\u00edctor de Aldama<\/strong>, presunto conseguidor en el mismo caso que Koldo, que muestran su relaci\u00f3n cercana con el exasesor. \u00abHola amigo, nada&#8230; Solo te llamaba para saber si est\u00e1s bien, c\u00f3mo te va la vida, qu\u00e9 tal la familia&#8230; Sobre todo c\u00f3mo est\u00e1s t\u00fa&#8230; Porque ya que no llamas ni das se\u00f1ales de vida y te has olvidado de los amigos&#8230;\u00bb, apunta.<\/p>\n\n\n\n<p>En las grabaciones, se le escucha, asimismo,&nbsp;<strong>mencionar a Koldo tareas que ten\u00eda pendientes<\/strong>&nbsp;como \u00abmirar lo de Rub\u00e9n, de polic\u00eda, que pidi\u00f3 lo de China. O lo del chico de prevenci\u00f3n de riesgos de Pamplona\u00bb, de lasque se desconocen m\u00e1s detalles.<\/p>\n","protected":false},"excerpt":{"rendered":"<p>RTVE.ES Adem\u00e1s de las conversaciones conocidas hasta ahora \u2014en las que se habla de&nbsp;&#8216;mordidas&#8217; que implican tanto al<\/p>\n","protected":false},"author":1,"featured_media":251,"comment_status":"open","ping_status":"open","sticky":false,"template":"","format":"standard","meta":{"advanced_seo_description":"","jetpack_seo_html_title":"","jetpack_seo_noindex":false,"_jetpack_memberships_contains_paid_content":false,"footnotes":""},"categories":[8],"tags":[],"class_list":["post-250","post","type-post","status-publish","format-standard","has-post-thumbnail","hentry","category-lios-del-exterior"],"featured_image_urls":{"full":["https:\/\/losdenunciados.do\/wp-content\/uploads\/2025\/07\/Koldo-Garcia.jpg",275,183,false],"thumbnail":["https:\/\/losdenunciados.do\/wp-content\/uploads\/2025\/07\/Koldo-Garcia-150x150.jpg",150,150,true],"medium":["https:\/\/losdenunciados.do\/wp-content\/uploads\/2025\/07\/Koldo-Garcia.jpg",275,183,false],"medium_large":["https:\/\/losdenunciados.do\/wp-content\/uploads\/2025\/07\/Koldo-Garcia.jpg",275,183,false],"large":["https:\/\/losdenunciados.do\/wp-content\/uploads\/2025\/07\/Koldo-Garcia.jpg",275,183,false],"1536x1536":["https:\/\/losdenunciados.do\/wp-content\/uploads\/2025\/07\/Koldo-Garcia.jpg",275,183,false],"2048x2048":["https:\/\/losdenunciados.do\/wp-content\/uploads\/2025\/07\/Koldo-Garcia.jpg",275,183,false],"morenews-large":["https:\/\/losdenunciados.do\/wp-content\/uploads\/2025\/07\/Koldo-Garcia.jpg",275,183,false],"morenews-medium":["https:\/\/losdenunciados.do\/wp-content\/uploads\/2025\/07\/Koldo-Garcia.jpg",275,183,false]},"author_info":{"info":["admin"]},"category_info":"<a href=\"https:\/\/losdenunciados.do\/index.php\/category\/lios-del-exterior\/\" rel=\"category tag\">L\u00edos del exterior<\/a>","tag_info":"L\u00edos del exterior","comment_count":"0","jetpack_featured_media_url":"https:\/\/losdenunciados.do\/wp-content\/uploads\/2025\/07\/Koldo-Garcia.jpg","jetpack_sharing_enabled":true,"_links":{"self":[{"href":"https:\/\/losdenunciados.do\/index.php\/wp-json\/wp\/v2\/posts\/250","targetHints":{"allow":["GET"]}}],"collection":[{"href":"https:\/\/losdenunciados.do\/index.php\/wp-json\/wp\/v2\/posts"}],"about":[{"href":"https:\/\/losdenunciados.do\/index.php\/wp-json\/wp\/v2\/types\/post"}],"author":[{"embeddable":true,"href":"https:\/\/losdenunciados.do\/index.php\/wp-json\/wp\/v2\/users\/1"}],"replies":[{"embeddable":true,"href":"https:\/\/losdenunciados.do\/index.php\/wp-json\/wp\/v2\/comments?post=250"}],"version-history":[{"count":1,"href":"https:\/\/losdenunciados.do\/index.php\/wp-json\/wp\/v2\/posts\/250\/revisions"}],"predecessor-version":[{"id":252,"href":"https:\/\/losdenunciados.do\/index.php\/wp-json\/wp\/v2\/posts\/250\/revisions\/252"}],"wp:featuredmedia":[{"embeddable":true,"href":"https:\/\/losdenunciados.do\/index.php\/wp-json\/wp\/v2\/media\/251"}],"wp:attachment":[{"href":"https:\/\/losdenunciados.do\/index.php\/wp-json\/wp\/v2\/media?parent=250"}],"wp:term":[{"taxonomy":"category","embeddable":true,"href":"https:\/\/losdenunciados.do\/index.php\/wp-json\/wp\/v2\/categories?post=250"},{"taxonomy":"post_tag","embeddable":true,"href":"https:\/\/losdenunciados.do\/index.php\/wp-json\/wp\/v2\/tags?post=250"}],"curies":[{"name":"wp","href":"https:\/\/api.w.org\/{rel}","templated":true}]}}