{"id":240,"date":"2026-04-27T03:31:26","date_gmt":"2026-04-27T03:31:26","guid":{"rendered":"https:\/\/losdenunciados.do\/?p=240"},"modified":"2026-05-01T02:23:33","modified_gmt":"2026-05-01T02:23:33","slug":"caso-odebrecht-el-escandalo-que-sacudio-a-america-latina-y-revelo-las-grietas-del-sistema-dominicano","status":"publish","type":"post","link":"https:\/\/losdenunciados.do\/index.php\/2026\/04\/27\/caso-odebrecht-el-escandalo-que-sacudio-a-america-latina-y-revelo-las-grietas-del-sistema-dominicano\/","title":{"rendered":"Caso Odebrecht: El esc\u00e1ndalo que sacudi\u00f3 a Am\u00e9rica Latina y revel\u00f3 las grietas del sistema dominicano"},"content":{"rendered":"\n<p><em>Por: LosDenunciados.com.do<\/em><\/p>\n\n\n\n<p><strong>Introducci\u00f3n<\/strong><\/p>\n\n\n\n<p>El caso Odebrecht, vinculado a la operaci\u00f3n brasile\u00f1a Lava Jato, es sin lugar a dudas el mayor esc\u00e1ndalo de corrupci\u00f3n del siglo XXI en Am\u00e9rica Latina. Este entramado de sobornos, licitaciones ama\u00f1adas y financiamiento il\u00edcito de campa\u00f1as electorales ha impactado directamente en m\u00e1s de una decena de pa\u00edses. En la Rep\u00fablica Dominicana, las secuelas del caso contin\u00faan generando controversia, dudas sobre la eficacia de la justicia y reclamos de impunidad.<\/p>\n\n\n\n<div data-wp-interactive=\"core\/file\" class=\"wp-block-file\"><object data-wp-bind--hidden=\"!state.hasPdfPreview\" hidden class=\"wp-block-file__embed\" data=\"https:\/\/losdenunciados.do\/wp-content\/uploads\/2025\/07\/Reportaje_Especial_Caso_Odebrecht_LosDenunciados.pdf\" type=\"application\/pdf\" style=\"width:100%;height:600px\" aria-label=\"Incrustado de Reportaje_Especial_Caso_Odebrecht_LosDenunciados.\"><\/object><a id=\"wp-block-file--media-048d2b8b-7ba1-43f7-a5ed-4971788651b7\" href=\"https:\/\/losdenunciados.do\/wp-content\/uploads\/2025\/07\/Reportaje_Especial_Caso_Odebrecht_LosDenunciados.pdf\">Reportaje_Especial_Caso_Odebrecht_LosDenunciados<\/a><a href=\"https:\/\/losdenunciados.do\/wp-content\/uploads\/2025\/07\/Reportaje_Especial_Caso_Odebrecht_LosDenunciados.pdf\" class=\"wp-block-file__button wp-element-button\" download aria-describedby=\"wp-block-file--media-048d2b8b-7ba1-43f7-a5ed-4971788651b7\">Descarga<\/a><\/div>\n\n\n\n<p><strong>El origen: Lava Jato en Brasil<\/strong><\/p>\n\n\n\n<p>Todo comenz\u00f3 en 2014, cuando la Polic\u00eda Federal de Brasil descubri\u00f3 una red de lavado de dinero a trav\u00e9s de estaciones de gasolina. Lo que parec\u00eda un caso local, escal\u00f3 hasta llegar a la c\u00faspide del poder pol\u00edtico y empresarial brasile\u00f1o. Empresas como Petrobras y Odebrecht se convirtieron en el centro de una operaci\u00f3n multinacional de corrupci\u00f3n institucionalizada.<\/p>\n\n\n\n<p>Odebrecht, una de las mayores constructoras del continente, admiti\u00f3 haber pagado m\u00e1s de 788 millones de d\u00f3lares en sobornos en al menos 12 pa\u00edses. En su acuerdo con el Departamento de Justicia de EE.UU., se revel\u00f3 que la Rep\u00fablica Dominicana recibi\u00f3 92 millones de d\u00f3lares en pagos ilegales entre 2001 y 2014.<\/p>\n\n\n\n<p><strong>La operaci\u00f3n en Rep\u00fablica Dominicana<\/strong><\/p>\n\n\n\n<p>Odebrecht logr\u00f3 adjudicarse contratos millonarios con el Estado dominicano para la ejecuci\u00f3n de obras de infraestructura como:<\/p>\n\n\n\n<ul class=\"wp-block-list\">\n<li>Planta Termoel\u00e9ctrica Punta Catalina<\/li>\n\n\n\n<li>Autopista del Coral<\/li>\n\n\n\n<li>Acueducto de la L\u00ednea Noroeste<\/li>\n\n\n\n<li>Carretera Cibao-Sur<\/li>\n<\/ul>\n\n\n\n<p>Los contratos fueron aprobados por el Congreso Nacional y financiados por instituciones internacionales, pero el proceso estuvo marcado por irregularidades y sobrevaluaciones.<\/p>\n\n\n\n<p><strong>Los acusados y el proceso judicial<\/strong><\/p>\n\n\n\n<p>En mayo de 2017, el Ministerio P\u00fablico dominicano imput\u00f3 a 14 personas, entre ellas:<\/p>\n\n\n\n<ul class=\"wp-block-list\">\n<li>\u00c1ngel Rond\u00f3n Rijo (representante comercial de Odebrecht)<\/li>\n\n\n\n<li>Andr\u00e9s Bautista (expresidente del Senado)<\/li>\n\n\n\n<li>Tem\u00edstocles Mont\u00e1s (exministro de Econom\u00eda)<\/li>\n\n\n\n<li>V\u00edctor D\u00edaz R\u00faa (exministro de Obras P\u00fablicas)<\/li>\n\n\n\n<li>Roberto Rodr\u00edguez (exdirector del INAPA)<\/li>\n<\/ul>\n\n\n\n<p>El caso fue reducido a 6 imputados para el juicio de fondo. Finalmente, en octubre de 2021, Rond\u00f3n y D\u00edaz R\u00faa fueron condenados por soborno y lavado de activos. No obstante, las penas fueron consideradas leves, y el resto de los implicados resultaron absueltos.<\/p>\n\n\n\n<p><strong>Reacci\u00f3n ciudadana y cr\u00edticas<\/strong><\/p>\n\n\n\n<p>Organizaciones como Participaci\u00f3n Ciudadana denunciaron desde el inicio la debilidad del expediente y la falta de voluntad pol\u00edtica. La opini\u00f3n p\u00fablica percibi\u00f3 el proceso como una maniobra para encubrir a figuras de mayor peso y proteger a quienes financiaron campa\u00f1as pol\u00edticas.<\/p>\n\n\n\n<p>La falta de profundidad en la investigaci\u00f3n del financiamiento electoral, la conexi\u00f3n de funcionarios actuales y la omisi\u00f3n de otros contratos firmados con Odebrecht siguen siendo puntos de cuestionamiento.<\/p>\n\n\n\n<p><strong>Implicaciones institucionales y legado<\/strong><\/p>\n\n\n\n<p>El caso Odebrecht expuso la fragilidad institucional del pa\u00eds, la falta de autonom\u00eda del Ministerio P\u00fablico y la necesidad de una reforma profunda del sistema de contrataciones p\u00fablicas y del r\u00e9gimen de consecuencias.<\/p>\n\n\n\n<p>Aunque provoc\u00f3 una mayor presi\u00f3n ciudadana por la transparencia, tambi\u00e9n dej\u00f3 una sensaci\u00f3n de frustraci\u00f3n e impotencia en gran parte de la poblaci\u00f3n.<\/p>\n\n\n\n<p><strong>Conclusi\u00f3n<\/strong><\/p>\n\n\n\n<p>A m\u00e1s de una d\u00e9cada del inicio de Lava Jato y con las investigaciones en Brasil debilitadas, el caso Odebrecht sigue siendo un recordatorio del impacto devastador de la corrupci\u00f3n. La Rep\u00fablica Dominicana, como muchos otros pa\u00edses de la regi\u00f3n, se encuentra ante el desaf\u00edo de construir una justicia fuerte, independiente y con capacidad de sancionar a quienes han saqueado al Estado.<\/p>\n\n\n\n<p>Los verdaderos cambios vendr\u00e1n cuando los procesos judiciales se aparten de la influencia pol\u00edtica y cuando la ciudadan\u00eda exija rendici\u00f3n de cuentas sin excepciones.<\/p>\n","protected":false},"excerpt":{"rendered":"<p>Por: LosDenunciados.com.do Introducci\u00f3n El caso Odebrecht, vinculado a la operaci\u00f3n brasile\u00f1a Lava Jato, es sin lugar a dudas<\/p>\n","protected":false},"author":1,"featured_media":241,"comment_status":"open","ping_status":"open","sticky":false,"template":"","format":"standard","meta":{"advanced_seo_description":"","jetpack_seo_html_title":"","jetpack_seo_noindex":false,"_jetpack_memberships_contains_paid_content":false,"footnotes":""},"categories":[75,72],"tags":[],"class_list":["post-240","post","type-post","status-publish","format-standard","has-post-thumbnail","hentry","category-informes","category-investigaciones-historicas"],"featured_image_urls":{"full":["https:\/\/losdenunciados.do\/wp-content\/uploads\/2025\/07\/whatsapp-image-2021-09-22-at-5-48-05-pm-17411239-20211012225724_17433619_20211015125716.jpg",546,350,false],"thumbnail":["https:\/\/losdenunciados.do\/wp-content\/uploads\/2025\/07\/whatsapp-image-2021-09-22-at-5-48-05-pm-17411239-20211012225724_17433619_20211015125716-150x150.jpg",150,150,true],"medium":["https:\/\/losdenunciados.do\/wp-content\/uploads\/2025\/07\/whatsapp-image-2021-09-22-at-5-48-05-pm-17411239-20211012225724_17433619_20211015125716-300x192.jpg",300,192,true],"medium_large":["https:\/\/losdenunciados.do\/wp-content\/uploads\/2025\/07\/whatsapp-image-2021-09-22-at-5-48-05-pm-17411239-20211012225724_17433619_20211015125716.jpg",546,350,false],"large":["https:\/\/losdenunciados.do\/wp-content\/uploads\/2025\/07\/whatsapp-image-2021-09-22-at-5-48-05-pm-17411239-20211012225724_17433619_20211015125716.jpg",546,350,false],"1536x1536":["https:\/\/losdenunciados.do\/wp-content\/uploads\/2025\/07\/whatsapp-image-2021-09-22-at-5-48-05-pm-17411239-20211012225724_17433619_20211015125716.jpg",546,350,false],"2048x2048":["https:\/\/losdenunciados.do\/wp-content\/uploads\/2025\/07\/whatsapp-image-2021-09-22-at-5-48-05-pm-17411239-20211012225724_17433619_20211015125716.jpg",546,350,false],"morenews-large":["https:\/\/losdenunciados.do\/wp-content\/uploads\/2025\/07\/whatsapp-image-2021-09-22-at-5-48-05-pm-17411239-20211012225724_17433619_20211015125716.jpg",546,350,false],"morenews-medium":["https:\/\/losdenunciados.do\/wp-content\/uploads\/2025\/07\/whatsapp-image-2021-09-22-at-5-48-05-pm-17411239-20211012225724_17433619_20211015125716.jpg",546,350,false]},"author_info":{"info":["admin"]},"category_info":"<a href=\"https:\/\/losdenunciados.do\/index.php\/category\/informes\/\" rel=\"category tag\">Informes<\/a> <a href=\"https:\/\/losdenunciados.do\/index.php\/category\/investigaciones-historicas\/\" rel=\"category tag\">Investigaciones historicas<\/a>","tag_info":"Investigaciones historicas","comment_count":"0","jetpack_featured_media_url":"https:\/\/losdenunciados.do\/wp-content\/uploads\/2025\/07\/whatsapp-image-2021-09-22-at-5-48-05-pm-17411239-20211012225724_17433619_20211015125716.jpg","jetpack_sharing_enabled":true,"_links":{"self":[{"href":"https:\/\/losdenunciados.do\/index.php\/wp-json\/wp\/v2\/posts\/240","targetHints":{"allow":["GET"]}}],"collection":[{"href":"https:\/\/losdenunciados.do\/index.php\/wp-json\/wp\/v2\/posts"}],"about":[{"href":"https:\/\/losdenunciados.do\/index.php\/wp-json\/wp\/v2\/types\/post"}],"author":[{"embeddable":true,"href":"https:\/\/losdenunciados.do\/index.php\/wp-json\/wp\/v2\/users\/1"}],"replies":[{"embeddable":true,"href":"https:\/\/losdenunciados.do\/index.php\/wp-json\/wp\/v2\/comments?post=240"}],"version-history":[{"count":1,"href":"https:\/\/losdenunciados.do\/index.php\/wp-json\/wp\/v2\/posts\/240\/revisions"}],"predecessor-version":[{"id":243,"href":"https:\/\/losdenunciados.do\/index.php\/wp-json\/wp\/v2\/posts\/240\/revisions\/243"}],"wp:featuredmedia":[{"embeddable":true,"href":"https:\/\/losdenunciados.do\/index.php\/wp-json\/wp\/v2\/media\/241"}],"wp:attachment":[{"href":"https:\/\/losdenunciados.do\/index.php\/wp-json\/wp\/v2\/media?parent=240"}],"wp:term":[{"taxonomy":"category","embeddable":true,"href":"https:\/\/losdenunciados.do\/index.php\/wp-json\/wp\/v2\/categories?post=240"},{"taxonomy":"post_tag","embeddable":true,"href":"https:\/\/losdenunciados.do\/index.php\/wp-json\/wp\/v2\/tags?post=240"}],"curies":[{"name":"wp","href":"https:\/\/api.w.org\/{rel}","templated":true}]}}