{"id":229,"date":"2025-07-27T02:47:04","date_gmt":"2025-07-27T02:47:04","guid":{"rendered":"https:\/\/losdenunciados.do\/?p=229"},"modified":"2025-07-27T03:02:12","modified_gmt":"2025-07-27T03:02:12","slug":"participacion-ciudadana-presenta-su-quinto-informe-de-seguimiento-a-casos-de-corrupcion-administrativa","status":"publish","type":"post","link":"https:\/\/losdenunciados.do\/index.php\/2025\/07\/27\/participacion-ciudadana-presenta-su-quinto-informe-de-seguimiento-a-casos-de-corrupcion-administrativa\/","title":{"rendered":"Participaci\u00f3n Ciudadana presenta su Quinto Informe de Seguimiento a Casos de Corrupci\u00f3n Administrativa"},"content":{"rendered":"\n<p><em>Santo Domingo, R.D., julio de 2025<\/em> \u2014 Participaci\u00f3n Ciudadana, cap\u00edtulo dominicano de Transparencia Internacional, present\u00f3 su <strong>Quinto Informe del Observatorio de los Casos de Corrupci\u00f3n Administrativa<\/strong>, correspondiente al per\u00edodo comprendido entre marzo y mayo de 2025, donde se da seguimiento al curso judicial de los principales procesos por corrupci\u00f3n administrativa en el pa\u00eds.<\/p>\n\n\n\n<p>El informe abarca la evoluci\u00f3n de casos emblem\u00e1ticos como los de <strong>Alexis Medina<\/strong>, <strong>Ad\u00e1n C\u00e1ceres<\/strong>, <strong>Jean Alain Rodr\u00edguez<\/strong>, <strong>Donald Guerrero<\/strong> y <strong>Jochi G\u00f3mez<\/strong>, entre otros. Este seguimiento tiene como objetivo transparentar la forma en que las autoridades judiciales manejan estos procesos y mantener informada a la ciudadan\u00eda.<\/p>\n\n\n\n<div data-wp-interactive=\"core\/file\" class=\"wp-block-file\"><object data-wp-bind--hidden=\"!state.hasPdfPreview\" hidden class=\"wp-block-file__embed\" data=\"https:\/\/losdenunciados.do\/wp-content\/uploads\/2025\/07\/QUINTO-INFORME-DEL-OBSERVATORIO-DE-LOS-CASOS-DE-CORRUPCION-ADMINISTRATIVA.pdf\" type=\"application\/pdf\" style=\"width:100%;height:600px\" aria-label=\"Incrustado de QUINTO-INFORME-DEL-OBSERVATORIO-DE-LOS-CASOS-DE-CORRUPCION-ADMINISTRATIVA.\"><\/object><a id=\"wp-block-file--media-0aa45b75-fff3-40be-8f6a-0d34fbd17a23\" href=\"https:\/\/losdenunciados.do\/wp-content\/uploads\/2025\/07\/QUINTO-INFORME-DEL-OBSERVATORIO-DE-LOS-CASOS-DE-CORRUPCION-ADMINISTRATIVA.pdf\">QUINTO-INFORME-DEL-OBSERVATORIO-DE-LOS-CASOS-DE-CORRUPCION-ADMINISTRATIVA<\/a><a href=\"https:\/\/losdenunciados.do\/wp-content\/uploads\/2025\/07\/QUINTO-INFORME-DEL-OBSERVATORIO-DE-LOS-CASOS-DE-CORRUPCION-ADMINISTRATIVA.pdf\" class=\"wp-block-file__button wp-element-button\" download aria-describedby=\"wp-block-file--media-0aa45b75-fff3-40be-8f6a-0d34fbd17a23\">Descarga<\/a><\/div>\n\n\n\n<h3 class=\"wp-block-heading\">Lento avance en los tribunales<\/h3>\n\n\n\n<p>El informe revela que los casos siguen siendo conocidos con lentitud, debido a la acumulaci\u00f3n de audiencias y constantes aplazamientos, lo que genera congesti\u00f3n y retrasos. Esta situaci\u00f3n ha sido reconocida por el propio Poder Judicial, que recientemente dispuso la exclusi\u00f3n temporal del Primer y Segundo Tribunal Colegiado de la C\u00e1mara Penal del Distrito Nacional del sistema aleatorio de asignaci\u00f3n de casos, con el objetivo de dar mayor celeridad a los procesos m\u00e1s complejos.<\/p>\n\n\n\n<h3 class=\"wp-block-heading\">Casos m\u00e1s relevantes observados<\/h3>\n\n\n\n<ul class=\"wp-block-list\">\n<li><strong>Caso Alexis Medina y compartes<\/strong>: Durante el per\u00edodo se conocieron 11 audiencias. El Ministerio P\u00fablico, la Empresa Distribuidora de Electricidad y el Estado Dominicano presentaron sus conclusiones. Los imputados Fernando Rosa y Magaly Medina ejercieron su defensa y declararon ante el tribunal.<\/li>\n\n\n\n<li><strong>Caso Ad\u00e1n C\u00e1ceres y compartes<\/strong>: Se realizaron 10 audiencias. El Ministerio P\u00fablico avanz\u00f3 significativamente en la fase probatoria, presentando m\u00e1s de 30 testigos y numerosas pruebas documentales y periciales.<\/li>\n\n\n\n<li><strong>Caso Jean Alain Rodr\u00edguez y compartes<\/strong>: El juicio de fondo a\u00fan no ha iniciado debido a recusaciones judiciales. La medida de coerci\u00f3n fue variada a libertad pura y simple, y se fij\u00f3 audiencia para el 23 de junio de 2025.<\/li>\n\n\n\n<li><strong>Caso Donald Guerrero, Jos\u00e9 Ram\u00f3n Peralta, Gonzalo Castillo y compartes<\/strong>: A pesar de haber sido presentada la acusaci\u00f3n en abril de 2024, la audiencia preliminar apenas inici\u00f3 el 2 de mayo de 2025, tras m\u00faltiples aplazamientos.<\/li>\n\n\n\n<li><strong>Caso Jochi G\u00f3mez, Hugo Beras y compartes<\/strong>: El Ministerio P\u00fablico no ha presentado un acto conclusivo. Todas las medidas de coerci\u00f3n fueron levantadas, incluyendo el impedimento de salida del pa\u00eds para Jochi G\u00f3mez.<\/li>\n<\/ul>\n\n\n\n<h3 class=\"wp-block-heading\">Reiteraci\u00f3n del compromiso con la justicia<\/h3>\n\n\n\n<p>Participaci\u00f3n Ciudadana valor\u00f3 como positiva la decisi\u00f3n del Poder Judicial de limitar la asignaci\u00f3n de casos complejos a tribunales sobrecargados, una recomendaci\u00f3n que esta organizaci\u00f3n hab\u00eda planteado desde octubre de 2023. No obstante, subray\u00f3 la urgencia de seguir implementando reformas estructurales que garanticen que los casos de corrupci\u00f3n no se diluyan en el tiempo.<\/p>\n\n\n\n<p>\u201cLa ciudadan\u00eda merece saber que la justicia es igual para todos y que la impunidad no prevalecer\u00e1 ante la corrupci\u00f3n\u201d, afirm\u00f3 la organizaci\u00f3n.<\/p>\n","protected":false},"excerpt":{"rendered":"<p>Santo Domingo, R.D., julio de 2025 \u2014 Participaci\u00f3n Ciudadana, cap\u00edtulo dominicano de Transparencia Internacional, present\u00f3 su Quinto Informe<\/p>\n","protected":false},"author":1,"featured_media":231,"comment_status":"open","ping_status":"open","sticky":false,"template":"","format":"standard","meta":{"advanced_seo_description":"","jetpack_seo_html_title":"","jetpack_seo_noindex":false,"_jetpack_memberships_contains_paid_content":false,"footnotes":""},"categories":[75],"tags":[],"class_list":["post-229","post","type-post","status-publish","format-standard","has-post-thumbnail","hentry","category-informes"],"featured_image_urls":{"full":["https:\/\/losdenunciados.do\/wp-content\/uploads\/2025\/07\/pc.jpg",770,540,false],"thumbnail":["https:\/\/losdenunciados.do\/wp-content\/uploads\/2025\/07\/pc-150x150.jpg",150,150,true],"medium":["https:\/\/losdenunciados.do\/wp-content\/uploads\/2025\/07\/pc-300x210.jpg",300,210,true],"medium_large":["https:\/\/losdenunciados.do\/wp-content\/uploads\/2025\/07\/pc-768x539.jpg",640,449,true],"large":["https:\/\/losdenunciados.do\/wp-content\/uploads\/2025\/07\/pc.jpg",640,449,false],"1536x1536":["https:\/\/losdenunciados.do\/wp-content\/uploads\/2025\/07\/pc.jpg",770,540,false],"2048x2048":["https:\/\/losdenunciados.do\/wp-content\/uploads\/2025\/07\/pc.jpg",770,540,false],"morenews-large":["https:\/\/losdenunciados.do\/wp-content\/uploads\/2025\/07\/pc.jpg",770,540,false],"morenews-medium":["https:\/\/losdenunciados.do\/wp-content\/uploads\/2025\/07\/pc-590x410.jpg",590,410,true]},"author_info":{"info":["admin"]},"category_info":"<a href=\"https:\/\/losdenunciados.do\/index.php\/category\/informes\/\" rel=\"category tag\">Informes<\/a>","tag_info":"Informes","comment_count":"0","jetpack_featured_media_url":"https:\/\/losdenunciados.do\/wp-content\/uploads\/2025\/07\/pc.jpg","jetpack_sharing_enabled":true,"_links":{"self":[{"href":"https:\/\/losdenunciados.do\/index.php\/wp-json\/wp\/v2\/posts\/229","targetHints":{"allow":["GET"]}}],"collection":[{"href":"https:\/\/losdenunciados.do\/index.php\/wp-json\/wp\/v2\/posts"}],"about":[{"href":"https:\/\/losdenunciados.do\/index.php\/wp-json\/wp\/v2\/types\/post"}],"author":[{"embeddable":true,"href":"https:\/\/losdenunciados.do\/index.php\/wp-json\/wp\/v2\/users\/1"}],"replies":[{"embeddable":true,"href":"https:\/\/losdenunciados.do\/index.php\/wp-json\/wp\/v2\/comments?post=229"}],"version-history":[{"count":1,"href":"https:\/\/losdenunciados.do\/index.php\/wp-json\/wp\/v2\/posts\/229\/revisions"}],"predecessor-version":[{"id":232,"href":"https:\/\/losdenunciados.do\/index.php\/wp-json\/wp\/v2\/posts\/229\/revisions\/232"}],"wp:featuredmedia":[{"embeddable":true,"href":"https:\/\/losdenunciados.do\/index.php\/wp-json\/wp\/v2\/media\/231"}],"wp:attachment":[{"href":"https:\/\/losdenunciados.do\/index.php\/wp-json\/wp\/v2\/media?parent=229"}],"wp:term":[{"taxonomy":"category","embeddable":true,"href":"https:\/\/losdenunciados.do\/index.php\/wp-json\/wp\/v2\/categories?post=229"},{"taxonomy":"post_tag","embeddable":true,"href":"https:\/\/losdenunciados.do\/index.php\/wp-json\/wp\/v2\/tags?post=229"}],"curies":[{"name":"wp","href":"https:\/\/api.w.org\/{rel}","templated":true}]}}